{"id":275,"date":"2021-08-19T10:38:41","date_gmt":"2021-08-19T08:38:41","guid":{"rendered":"http:\/\/monn:8888\/?p=275"},"modified":"2021-09-14T10:14:37","modified_gmt":"2021-09-14T08:14:37","slug":"trendriktig-eller-baerekraftig","status":"publish","type":"post","link":"https:\/\/monn.no\/en\/trendriktig-eller-baerekraftig\/","title":{"rendered":"Trendriktig eller b\u00e6rekraftig"},"content":{"rendered":"\n<section class=\"main-text grid-12 padding ac cg-0 fade-me\">\n\t\n\t\n\n\t<div class=\"text-col full\">\n\n\t\t<h1>\n\t\t\t<!--Williamsburg Bab & Beer-->\n\t\t\tWilliamsburg Bab &#038; Beer\t\t<\/h1>\n\n\t\t<div class=\"share\"> \n\t\t\t<button class=\"button\" data-sharer=\"facebook\" data-hashtag=\"hashtag\" data-url=\"https:\/\/monn.no\/en\/trendriktig-eller-baerekraftig\/\">\t\t\tShare\t\t\t<\/button> \t<\/div>\n\t\t<h2>\n\t\t\t<!--Den som dr\u00f8mmer seg til USAs \u00f8stkyst kan n\u00e5 nyte Brooklyn-stemningen midt p\u00e5 Karl Johan.  Williamsburg Bab & Beer har et industrielt preg der den b\u00e6rende tanken i konseptet er \u00e5 speile arkitekturen i bydelen stedet har hentet sitt navn fra.-->\n\t\t\tDen som dr\u00f8mmer seg til USAs \u00f8stkyst kan n\u00e5 nyte Brooklyn-stemningen midt p\u00e5 Karl Johan.  Williamsburg Bab &#038; Beer har et industrielt preg der den b\u00e6rende tanken i konseptet er \u00e5 speile arkitekturen i bydelen stedet har hentet sitt navn fra.\t\t<\/h2>\n\n\t<\/div>\n\n<\/section>\n\n\n\n\n\n<section class=\"image-block fade-me \n    \">\n    <div class=\"grid-12 cg-0 as padding\n            \">\n\n        <div class=\"first-image  \n     \n    fullwidth    \">\n\n                            <img loading=\"lazy\" decoding=\"async\" width=\"1280\" height=\"720\" src=\"https:\/\/monn.no\/wp-content\/uploads\/valueontheinside-1280x720-1.jpg\" class=\"attachment-full size-full\" alt=\"\" srcset=\"https:\/\/monn.no\/wp-content\/uploads\/valueontheinside-1280x720-1.jpg 1280w, https:\/\/monn.no\/wp-content\/uploads\/valueontheinside-1280x720-1-720x405.jpg 720w, https:\/\/monn.no\/wp-content\/uploads\/valueontheinside-1280x720-1-768x432.jpg 768w\" sizes=\"auto, (max-width: 1280px) 100vw, 1280px\" \/>                <span class=\"caption\">Moodboard<\/span>\n            \n            \n\n        <\/div>\n\n        \n    <\/div>\n<\/section>\n\n\n\n<div class=\"text-block grid-12 padding ac cg-0 fade-me\">\n\t<div class=\"text-col\">\n\t\t<p>R\u00f8ff tegl, metall og kombinasjonen av moderne linjer og runde, myke former gir umiddelbart assosiasjoner til Brooklyn. F\u00f8lelsen forsterkes av utvalgte street art-elementer og en kontrastfylt fargepalett.<\/p>\n<p>Det r\u00f8ffe interi\u00f8rkonseptet g\u00e5r h\u00e5nd i h\u00e5nd med matkonseptet som er bygget opp rundt gourmet-kebab og amerikansk craft beer. Den samlede miksen av interi\u00f8r og serveringstilbud er ment \u00e5 appellere til de fleste aldersgrupper.<\/p>\n<p>Lokalet var i god stand, og kunden \u00f8nsket \u00e5 beholde mest mulig av den eksisterende strukturen. Oppgaven v\u00e5r var \u00e5 integrere nye og tidsmessige l\u00f8sninger. Teknisk anlegg, himling med ventilasjon og toalettavdeling la klare f\u00f8ringer, og den tidligere planl\u00f8sningen p\u00e5virket plasseringen av kj\u00f8kkenet.<\/p>\n\t<\/div>\n<\/div>\n\n\n\n\n<section class=\"two-columns fade-me\">\n\t<div class=\"grid-12 cg-0 ac padding sidepadding\n\t\tleft \n\tlayout-two\t\t\t\">\n<div class=\"text-wrapper \">\n\t\t<p>R\u00f8ff tegl, metall og kombinasjonen av moderne linjer og runde, myke former gir umiddelbart assosiasjoner til Brooklyn. F\u00f8lelsen forsterkes av utvalgte street art-elementer og en kontrastfylt fargepalett.\r\n\r\nDet r\u00f8ffe interi\u00f8rkonseptet g\u00e5r h\u00e5nd i h\u00e5nd med matkonseptet som er bygget opp rundt gourmet-kebab og amerikansk craft beer. Den samlede miksen av interi\u00f8r og serveringstilbud er ment \u00e5 appellere til de fleste aldersgrupper.\r\n\r\nLokalet var i god stand, og kunden \u00f8nsket \u00e5 beholde mest mulig av den eksisterende strukturen. Oppgaven v\u00e5r var \u00e5 integrere nye og tidsmessige l\u00f8sninger. Teknisk anlegg, himling med ventilasjon og toalettavdeling la klare f\u00f8ringer, og den tidligere planl\u00f8sningen p\u00e5virket plasseringen av kj\u00f8kkenet.<\/p>\n\t\n\t<\/div>\n\n<div class=\"image-wrapper\">\n\t\t\t \n\t\t\t<img loading=\"lazy\" decoding=\"async\" width=\"765\" height=\"851\" src=\"https:\/\/monn.no\/wp-content\/uploads\/approach.png\" class=\"attachment-full size-full\" alt=\"\" srcset=\"https:\/\/monn.no\/wp-content\/uploads\/approach.png 765w, https:\/\/monn.no\/wp-content\/uploads\/approach-647x720.png 647w\" sizes=\"auto, (max-width: 765px) 100vw, 765px\" \/>\t\t\t<span class=\"caption\">Image caption<\/span>\n\t\t\t\n\t<\/div>\n<\/div>\n<\/section>\n\n\n\n\n\n\n\n\n\n\n\n\n\n<section class=\"two-columns fade-me\">\n\t<div class=\"grid-12 cg-0 ac padding sidepadding\n\t\t \n\tlayout-two\t\t\t\">\n<div class=\"text-wrapper \">\n\t\t<p>R\u00f8ff tegl, metall og kombinasjonen av moderne linjer og runde, myke former gir umiddelbart assosiasjoner til Brooklyn. F\u00f8lelsen forsterkes av utvalgte street art-elementer og en kontrastfylt fargepalett.\r\n\r\nDet r\u00f8ffe interi\u00f8rkonseptet g\u00e5r h\u00e5nd i h\u00e5nd med matkonseptet som er bygget opp rundt gourmet-kebab og amerikansk craft beer. Den samlede miksen av interi\u00f8r og serveringstilbud er ment \u00e5 appellere til de fleste aldersgrupper.\r\n\r\nLokalet var i god stand, og kunden \u00f8nsket \u00e5 beholde mest mulig av den eksisterende strukturen. Oppgaven v\u00e5r var \u00e5 integrere nye og tidsmessige l\u00f8sninger. Teknisk anlegg, himling med ventilasjon og toalettavdeling la klare f\u00f8ringer, og den tidligere planl\u00f8sningen p\u00e5virket plasseringen av kj\u00f8kkenet.<\/p>\n\t\n\t<\/div>\n\n<div class=\"image-wrapper\">\n\t\t\t \n\t\t\t<img loading=\"lazy\" decoding=\"async\" width=\"765\" height=\"851\" src=\"https:\/\/monn.no\/wp-content\/uploads\/approach.png\" class=\"attachment-full size-full\" alt=\"\" srcset=\"https:\/\/monn.no\/wp-content\/uploads\/approach.png 765w, https:\/\/monn.no\/wp-content\/uploads\/approach-647x720.png 647w\" sizes=\"auto, (max-width: 765px) 100vw, 765px\" \/>\t\t\t<span class=\"caption\">Image caption<\/span>\n\t\t\t\n\t<\/div>\n<\/div>\n<\/section>\n\n\n\n\n\n\n\n\n\n\n\n\n\n<section class=\"image-block fade-me \n    \">\n    <div class=\"grid-12 cg-0 as padding\n    layout-two        \">\n\n        <div class=\"first-image  \n     \n        \">\n\n                            <img loading=\"lazy\" decoding=\"async\" width=\"456\" height=\"594\" src=\"https:\/\/monn.no\/wp-content\/uploads\/williamsburg.png\" class=\"attachment-full size-full\" alt=\"\" \/>                <span class=\"caption\">The image caption<\/span>\n            \n            \n\n        <\/div>\n\n                                    <div class=\"second-image  \">\n                    <img loading=\"lazy\" decoding=\"async\" width=\"456\" height=\"594\" src=\"https:\/\/monn.no\/wp-content\/uploads\/williamsburg.png\" class=\"attachment-full size-full\" alt=\"\" \/>                    <span class=\"caption\">The image caption<\/span>\n                <\/div>\n                    \n    <\/div>\n<\/section>","protected":false},"excerpt":{"rendered":"<p>Da digitalbyr\u00e5et Increo bestemte seg for \u00e5 flytte inn i Karl Johans gate 2, hadde de et klart bilde av hvordan r\u00e5lokalet skulle forvandles til dr\u00f8mmekontoret.<\/p>\n","protected":false},"author":1,"featured_media":316,"comment_status":"closed","ping_status":"closed","sticky":false,"template":"","format":"standard","meta":{"_acf_changed":false,"footnotes":""},"categories":[1],"tags":[],"class_list":["post-275","post","type-post","status-publish","format-standard","has-post-thumbnail","hentry","category-ukategorisert"],"acf":[],"yoast_head":"<!-- This site is optimized with the Yoast SEO plugin v27.4 - https:\/\/yoast.com\/product\/yoast-seo-wordpress\/ -->\n<title>Trendriktig eller b\u00e6rekraftig | Monn<\/title>\n<meta name=\"robots\" content=\"index, follow, max-snippet:-1, max-image-preview:large, max-video-preview:-1\" \/>\n<link rel=\"canonical\" href=\"https:\/\/monn.no\/en\/trendriktig-eller-baerekraftig\/\" \/>\n<meta property=\"og:locale\" content=\"en_US\" \/>\n<meta property=\"og:type\" content=\"article\" \/>\n<meta property=\"og:title\" content=\"Trendriktig eller b\u00e6rekraftig | Monn\" \/>\n<meta property=\"og:description\" content=\"Da digitalbyr\u00e5et Increo bestemte seg for \u00e5 flytte inn i Karl Johans gate 2, hadde de et klart bilde av hvordan r\u00e5lokalet skulle forvandles til dr\u00f8mmekontoret.\" \/>\n<meta property=\"og:url\" content=\"https:\/\/monn.no\/en\/trendriktig-eller-baerekraftig\/\" \/>\n<meta property=\"og:site_name\" content=\"Monn\" \/>\n<meta property=\"article:published_time\" content=\"2021-08-19T08:38:41+00:00\" \/>\n<meta property=\"article:modified_time\" content=\"2021-09-14T08:14:37+00:00\" \/>\n<meta property=\"og:image\" content=\"https:\/\/monn.no\/wp-content\/uploads\/trends.png\" \/>\n\t<meta property=\"og:image:width\" content=\"460\" \/>\n\t<meta property=\"og:image:height\" content=\"482\" \/>\n\t<meta property=\"og:image:type\" content=\"image\/png\" \/>\n<meta name=\"author\" content=\"kodeks\" \/>\n<meta name=\"twitter:card\" content=\"summary_large_image\" \/>\n<meta name=\"twitter:label1\" content=\"Written by\" \/>\n\t<meta name=\"twitter:data1\" content=\"kodeks\" \/>\n<script type=\"application\/ld+json\" class=\"yoast-schema-graph\">{\"@context\":\"https:\\\/\\\/schema.org\",\"@graph\":[{\"@type\":\"Article\",\"@id\":\"https:\\\/\\\/monn.no\\\/en\\\/trendriktig-eller-baerekraftig\\\/#article\",\"isPartOf\":{\"@id\":\"https:\\\/\\\/monn.no\\\/en\\\/trendriktig-eller-baerekraftig\\\/\"},\"author\":{\"name\":\"kodeks\",\"@id\":\"https:\\\/\\\/monn.no\\\/#\\\/schema\\\/person\\\/5e52e0b02dc3f50ea12bb9a174cfca4b\"},\"headline\":\"Trendriktig eller b\u00e6rekraftig\",\"datePublished\":\"2021-08-19T08:38:41+00:00\",\"dateModified\":\"2021-09-14T08:14:37+00:00\",\"mainEntityOfPage\":{\"@id\":\"https:\\\/\\\/monn.no\\\/en\\\/trendriktig-eller-baerekraftig\\\/\"},\"wordCount\":4,\"publisher\":{\"@id\":\"https:\\\/\\\/monn.no\\\/#organization\"},\"image\":{\"@id\":\"https:\\\/\\\/monn.no\\\/en\\\/trendriktig-eller-baerekraftig\\\/#primaryimage\"},\"thumbnailUrl\":\"https:\\\/\\\/monn.no\\\/wp-content\\\/uploads\\\/trends.png\",\"articleSection\":[\"Ukategorisert\"],\"inLanguage\":\"en-US\"},{\"@type\":\"WebPage\",\"@id\":\"https:\\\/\\\/monn.no\\\/en\\\/trendriktig-eller-baerekraftig\\\/\",\"url\":\"https:\\\/\\\/monn.no\\\/en\\\/trendriktig-eller-baerekraftig\\\/\",\"name\":\"Trendriktig eller b\u00e6rekraftig | Monn\",\"isPartOf\":{\"@id\":\"https:\\\/\\\/monn.no\\\/#website\"},\"primaryImageOfPage\":{\"@id\":\"https:\\\/\\\/monn.no\\\/en\\\/trendriktig-eller-baerekraftig\\\/#primaryimage\"},\"image\":{\"@id\":\"https:\\\/\\\/monn.no\\\/en\\\/trendriktig-eller-baerekraftig\\\/#primaryimage\"},\"thumbnailUrl\":\"https:\\\/\\\/monn.no\\\/wp-content\\\/uploads\\\/trends.png\",\"datePublished\":\"2021-08-19T08:38:41+00:00\",\"dateModified\":\"2021-09-14T08:14:37+00:00\",\"breadcrumb\":{\"@id\":\"https:\\\/\\\/monn.no\\\/en\\\/trendriktig-eller-baerekraftig\\\/#breadcrumb\"},\"inLanguage\":\"en-US\",\"potentialAction\":[{\"@type\":\"ReadAction\",\"target\":[\"https:\\\/\\\/monn.no\\\/en\\\/trendriktig-eller-baerekraftig\\\/\"]}]},{\"@type\":\"ImageObject\",\"inLanguage\":\"en-US\",\"@id\":\"https:\\\/\\\/monn.no\\\/en\\\/trendriktig-eller-baerekraftig\\\/#primaryimage\",\"url\":\"https:\\\/\\\/monn.no\\\/wp-content\\\/uploads\\\/trends.png\",\"contentUrl\":\"https:\\\/\\\/monn.no\\\/wp-content\\\/uploads\\\/trends.png\",\"width\":460,\"height\":482},{\"@type\":\"BreadcrumbList\",\"@id\":\"https:\\\/\\\/monn.no\\\/en\\\/trendriktig-eller-baerekraftig\\\/#breadcrumb\",\"itemListElement\":[{\"@type\":\"ListItem\",\"position\":1,\"name\":\"Hjem\",\"item\":\"https:\\\/\\\/monn.no\\\/?lang=en\"},{\"@type\":\"ListItem\",\"position\":2,\"name\":\"Trendriktig eller b\u00e6rekraftig\"}]},{\"@type\":\"WebSite\",\"@id\":\"https:\\\/\\\/monn.no\\\/#website\",\"url\":\"https:\\\/\\\/monn.no\\\/\",\"name\":\"Monn\",\"description\":\"\",\"publisher\":{\"@id\":\"https:\\\/\\\/monn.no\\\/#organization\"},\"potentialAction\":[{\"@type\":\"SearchAction\",\"target\":{\"@type\":\"EntryPoint\",\"urlTemplate\":\"https:\\\/\\\/monn.no\\\/?s={search_term_string}\"},\"query-input\":{\"@type\":\"PropertyValueSpecification\",\"valueRequired\":true,\"valueName\":\"search_term_string\"}}],\"inLanguage\":\"en-US\"},{\"@type\":\"Organization\",\"@id\":\"https:\\\/\\\/monn.no\\\/#organization\",\"name\":\"Monn\",\"url\":\"https:\\\/\\\/monn.no\\\/\",\"logo\":{\"@type\":\"ImageObject\",\"inLanguage\":\"en-US\",\"@id\":\"https:\\\/\\\/monn.no\\\/#\\\/schema\\\/logo\\\/image\\\/\",\"url\":\"https:\\\/\\\/monn.no\\\/wp-content\\\/uploads\\\/logo.svg\",\"contentUrl\":\"https:\\\/\\\/monn.no\\\/wp-content\\\/uploads\\\/logo.svg\",\"caption\":\"Monn\"},\"image\":{\"@id\":\"https:\\\/\\\/monn.no\\\/#\\\/schema\\\/logo\\\/image\\\/\"}},{\"@type\":\"Person\",\"@id\":\"https:\\\/\\\/monn.no\\\/#\\\/schema\\\/person\\\/5e52e0b02dc3f50ea12bb9a174cfca4b\",\"name\":\"kodeks\",\"image\":{\"@type\":\"ImageObject\",\"inLanguage\":\"en-US\",\"@id\":\"https:\\\/\\\/secure.gravatar.com\\\/avatar\\\/8e591a3d3a37718400b90f863f0051bfd37f21f841fe4e68cebdf986072f0d59?s=96&d=mm&r=g\",\"url\":\"https:\\\/\\\/secure.gravatar.com\\\/avatar\\\/8e591a3d3a37718400b90f863f0051bfd37f21f841fe4e68cebdf986072f0d59?s=96&d=mm&r=g\",\"contentUrl\":\"https:\\\/\\\/secure.gravatar.com\\\/avatar\\\/8e591a3d3a37718400b90f863f0051bfd37f21f841fe4e68cebdf986072f0d59?s=96&d=mm&r=g\",\"caption\":\"kodeks\"}}]}<\/script>\n<!-- \/ Yoast SEO plugin. -->","yoast_head_json":{"title":"Trendriktig eller b\u00e6rekraftig | Monn","robots":{"index":"index","follow":"follow","max-snippet":"max-snippet:-1","max-image-preview":"max-image-preview:large","max-video-preview":"max-video-preview:-1"},"canonical":"https:\/\/monn.no\/en\/trendriktig-eller-baerekraftig\/","og_locale":"en_US","og_type":"article","og_title":"Trendriktig eller b\u00e6rekraftig | Monn","og_description":"Da digitalbyr\u00e5et Increo bestemte seg for \u00e5 flytte inn i Karl Johans gate 2, hadde de et klart bilde av hvordan r\u00e5lokalet skulle forvandles til dr\u00f8mmekontoret.","og_url":"https:\/\/monn.no\/en\/trendriktig-eller-baerekraftig\/","og_site_name":"Monn","article_published_time":"2021-08-19T08:38:41+00:00","article_modified_time":"2021-09-14T08:14:37+00:00","og_image":[{"width":460,"height":482,"url":"https:\/\/monn.no\/wp-content\/uploads\/trends.png","type":"image\/png"}],"author":"kodeks","twitter_card":"summary_large_image","twitter_misc":{"Written by":"kodeks"},"schema":{"@context":"https:\/\/schema.org","@graph":[{"@type":"Article","@id":"https:\/\/monn.no\/en\/trendriktig-eller-baerekraftig\/#article","isPartOf":{"@id":"https:\/\/monn.no\/en\/trendriktig-eller-baerekraftig\/"},"author":{"name":"kodeks","@id":"https:\/\/monn.no\/#\/schema\/person\/5e52e0b02dc3f50ea12bb9a174cfca4b"},"headline":"Trendriktig eller b\u00e6rekraftig","datePublished":"2021-08-19T08:38:41+00:00","dateModified":"2021-09-14T08:14:37+00:00","mainEntityOfPage":{"@id":"https:\/\/monn.no\/en\/trendriktig-eller-baerekraftig\/"},"wordCount":4,"publisher":{"@id":"https:\/\/monn.no\/#organization"},"image":{"@id":"https:\/\/monn.no\/en\/trendriktig-eller-baerekraftig\/#primaryimage"},"thumbnailUrl":"https:\/\/monn.no\/wp-content\/uploads\/trends.png","articleSection":["Ukategorisert"],"inLanguage":"en-US"},{"@type":"WebPage","@id":"https:\/\/monn.no\/en\/trendriktig-eller-baerekraftig\/","url":"https:\/\/monn.no\/en\/trendriktig-eller-baerekraftig\/","name":"Trendriktig eller b\u00e6rekraftig | Monn","isPartOf":{"@id":"https:\/\/monn.no\/#website"},"primaryImageOfPage":{"@id":"https:\/\/monn.no\/en\/trendriktig-eller-baerekraftig\/#primaryimage"},"image":{"@id":"https:\/\/monn.no\/en\/trendriktig-eller-baerekraftig\/#primaryimage"},"thumbnailUrl":"https:\/\/monn.no\/wp-content\/uploads\/trends.png","datePublished":"2021-08-19T08:38:41+00:00","dateModified":"2021-09-14T08:14:37+00:00","breadcrumb":{"@id":"https:\/\/monn.no\/en\/trendriktig-eller-baerekraftig\/#breadcrumb"},"inLanguage":"en-US","potentialAction":[{"@type":"ReadAction","target":["https:\/\/monn.no\/en\/trendriktig-eller-baerekraftig\/"]}]},{"@type":"ImageObject","inLanguage":"en-US","@id":"https:\/\/monn.no\/en\/trendriktig-eller-baerekraftig\/#primaryimage","url":"https:\/\/monn.no\/wp-content\/uploads\/trends.png","contentUrl":"https:\/\/monn.no\/wp-content\/uploads\/trends.png","width":460,"height":482},{"@type":"BreadcrumbList","@id":"https:\/\/monn.no\/en\/trendriktig-eller-baerekraftig\/#breadcrumb","itemListElement":[{"@type":"ListItem","position":1,"name":"Hjem","item":"https:\/\/monn.no\/?lang=en"},{"@type":"ListItem","position":2,"name":"Trendriktig eller b\u00e6rekraftig"}]},{"@type":"WebSite","@id":"https:\/\/monn.no\/#website","url":"https:\/\/monn.no\/","name":"Monn","description":"","publisher":{"@id":"https:\/\/monn.no\/#organization"},"potentialAction":[{"@type":"SearchAction","target":{"@type":"EntryPoint","urlTemplate":"https:\/\/monn.no\/?s={search_term_string}"},"query-input":{"@type":"PropertyValueSpecification","valueRequired":true,"valueName":"search_term_string"}}],"inLanguage":"en-US"},{"@type":"Organization","@id":"https:\/\/monn.no\/#organization","name":"Monn","url":"https:\/\/monn.no\/","logo":{"@type":"ImageObject","inLanguage":"en-US","@id":"https:\/\/monn.no\/#\/schema\/logo\/image\/","url":"https:\/\/monn.no\/wp-content\/uploads\/logo.svg","contentUrl":"https:\/\/monn.no\/wp-content\/uploads\/logo.svg","caption":"Monn"},"image":{"@id":"https:\/\/monn.no\/#\/schema\/logo\/image\/"}},{"@type":"Person","@id":"https:\/\/monn.no\/#\/schema\/person\/5e52e0b02dc3f50ea12bb9a174cfca4b","name":"kodeks","image":{"@type":"ImageObject","inLanguage":"en-US","@id":"https:\/\/secure.gravatar.com\/avatar\/8e591a3d3a37718400b90f863f0051bfd37f21f841fe4e68cebdf986072f0d59?s=96&d=mm&r=g","url":"https:\/\/secure.gravatar.com\/avatar\/8e591a3d3a37718400b90f863f0051bfd37f21f841fe4e68cebdf986072f0d59?s=96&d=mm&r=g","contentUrl":"https:\/\/secure.gravatar.com\/avatar\/8e591a3d3a37718400b90f863f0051bfd37f21f841fe4e68cebdf986072f0d59?s=96&d=mm&r=g","caption":"kodeks"}}]}},"_links":{"self":[{"href":"https:\/\/monn.no\/en\/wp-json\/wp\/v2\/posts\/275","targetHints":{"allow":["GET"]}}],"collection":[{"href":"https:\/\/monn.no\/en\/wp-json\/wp\/v2\/posts"}],"about":[{"href":"https:\/\/monn.no\/en\/wp-json\/wp\/v2\/types\/post"}],"author":[{"embeddable":true,"href":"https:\/\/monn.no\/en\/wp-json\/wp\/v2\/users\/1"}],"replies":[{"embeddable":true,"href":"https:\/\/monn.no\/en\/wp-json\/wp\/v2\/comments?post=275"}],"version-history":[{"count":30,"href":"https:\/\/monn.no\/en\/wp-json\/wp\/v2\/posts\/275\/revisions"}],"predecessor-version":[{"id":772,"href":"https:\/\/monn.no\/en\/wp-json\/wp\/v2\/posts\/275\/revisions\/772"}],"wp:featuredmedia":[{"embeddable":true,"href":"https:\/\/monn.no\/en\/wp-json\/wp\/v2\/media\/316"}],"wp:attachment":[{"href":"https:\/\/monn.no\/en\/wp-json\/wp\/v2\/media?parent=275"}],"wp:term":[{"taxonomy":"category","embeddable":true,"href":"https:\/\/monn.no\/en\/wp-json\/wp\/v2\/categories?post=275"},{"taxonomy":"post_tag","embeddable":true,"href":"https:\/\/monn.no\/en\/wp-json\/wp\/v2\/tags?post=275"}],"curies":[{"name":"wp","href":"https:\/\/api.w.org\/{rel}","templated":true}]}}